{"id":8186,"date":"2025-07-02T13:57:32","date_gmt":"2025-07-02T12:57:32","guid":{"rendered":"https:\/\/www.tonellism.com\/tonelli-60-ans-dadhesion-a-lanis\/"},"modified":"2025-07-02T13:57:32","modified_gmt":"2025-07-02T12:57:32","slug":"tonelli-60-ans-dadhesion-a-lanis","status":"publish","type":"post","link":"https:\/\/www.tonellism.com\/fr\/tonelli-60-ans-dadhesion-a-lanis\/","title":{"rendered":"Tonelli : 60 ans d\u2019adh\u00e9sion \u00e0 l\u2019ANIS"},"content":{"rendered":"<h2 class=\"my-0 mb-0 mt-0\" data-pm-slice=\"1 1 []\">\ud835\udff2\ud835\udfec \ud835\uddee\ud835\uddfb\ud835\ude00 \ud835\uddf1\u2019\ud835\uddee\ud835\uddf1\ud835\uddf5\ud835\uddf2\u0301\ud835\ude00\ud835\uddf6\ud835\uddfc\ud835\uddfb \ud835\uddee\u0300 \ud835\uddf9\u2019\ud835\uddd4\ud835\udde1\ud835\udddc\ud835\udde6 \u2013 \ud835\ude02\ud835\uddfb \ud835\uddf7\ud835\uddee\ud835\uddf9\ud835\uddfc\ud835\uddfb \ud835\uddf1\ud835\uddfc\ud835\uddfb\ud835\ude01 \ud835\uddfb\ud835\uddfc\ud835\ude02\ud835\ude00 \ud835\ude00\ud835\uddfc\ud835\uddfa\ud835\uddfa\ud835\uddf2\ud835\ude00 \ud835\uddf3\ud835\uddf6\ud835\uddf2\ud835\uddff\ud835\ude00 !<\/h2>\n<p class=\"my-0 mb-0 mt-0\">Lors de l\u2019assembl\u00e9e annuelle de l\u2019ANIS, l\u2019Association Nationale de l\u2019Industrie de Saint-Marin, notre entreprise \ud835\udde7\ud835\uddfc\ud835\uddfb\ud835\uddf2\ud835\uddf9\ud835\uddf9\ud835\uddf6 a re\u00e7u une \ud835\ude01\ud835\uddee\ud835\uddff\ud835\uddf4\ud835\ude02\ud835\uddf2 \ud835\uddf0\ud835\uddfc\ud835\uddfa\ud835\uddfa\ud835\uddf2\u0301\ud835\uddfa\ud835\uddfc\ud835\uddff\ud835\uddee\ud835\ude01\ud835\uddf6\ud835\ude03\ud835\uddf2 pour son adh\u00e9sion \u00e0 l\u2019association depuis 1965.<br \/>C\u2019est Piero Tonelli qui l\u2019a re\u00e7ue, avec \u00e9motion et fiert\u00e9 \u2014 lui qui, depuis 60 ans, contribue \u00e0 la croissance de l\u2019entreprise en poursuivant le projet de son fondateur, Italo Tonelli. <\/p>\n<p class=\"my-0 mb-0 mt-0\">Les propos du Dr Gianluca Pavanello, PDG de Macron, ont \u00e9t\u00e9 tr\u00e8s appr\u00e9ci\u00e9s. Il a soulign\u00e9 que \u00ab investir et savoir s\u2019adapter \u00e0 des march\u00e9s de plus en plus incertains est la cl\u00e9 pour devenir anti-fragiles et garantir l\u2019avenir des entreprises sur le long terme. \u00bb<\/p>\n<p class=\"my-0 mb-0 mt-0\">Depuis plus de 80 ans, Tonelli croit fermement en \ud835\uddf9\u2019\ud835\uddf6\ud835\uddfb\ud835\uddfb\ud835\uddfc\ud835\ude03\ud835\uddee\ud835\ude01\ud835\uddf6\ud835\uddfc\ud835\uddfb, en \ud835\uddf9\ud835\uddee \ud835\uddf0\ud835\uddfc\ud835\uddfb\ud835\ude01\ud835\uddf6\ud835\uddfb\ud835\ude02\ud835\uddf6\ud835\ude01\ud835\uddf2\u0301 et en la capacit\u00e9 de \ud835\ude00\ud835\uddee\ud835\uddf6\ud835\ude00\ud835\uddf6\ud835\uddff \ud835\uddf9\ud835\uddf2\ud835\ude00 \ud835\uddfc\ud835\uddfd\ud835\uddfd\ud835\uddfc\ud835\uddff\ud835\ude01\ud835\ude02\ud835\uddfb\ud835\uddf6\ud835\ude01\ud835\uddf2\u0301\ud835\ude00, surtout dans les p\u00e9riodes de changement.<\/p>\n<p class=\"my-0 mb-0 mt-0\">Cette reconnaissance ne c\u00e9l\u00e8bre donc pas seulement une histoire longue et solide, mais aussi \ud835\uddf9\ud835\uddee \ud835\ude03\ud835\uddf6\ud835\ude00\ud835\uddf6\ud835\uddfc\ud835\uddfb \ud835\ude01\ud835\uddfc\ud835\ude02\ud835\uddff\ud835\uddfb\ud835\uddf2\u0301\ud835\uddf2 \ud835\ude03\ud835\uddf2\ud835\uddff\ud835\ude00 \ud835\uddf9\u2019\ud835\uddee\ud835\ude03\ud835\uddf2\ud835\uddfb\ud835\uddf6\ud835\uddff qui nous guide chaque jour.<\/p>\n","protected":false},"excerpt":{"rendered":"<p>\ud835\udff2\ud835\udfec \ud835\uddee\ud835\uddfb\ud835\ude00 \ud835\uddf1\u2019\ud835\uddee\ud835\uddf1\ud835\uddf5\ud835\uddf2\u0301\ud835\ude00\ud835\uddf6\ud835\uddfc\ud835\uddfb \ud835\uddee\u0300 \ud835\uddf9\u2019\ud835\uddd4\ud835\udde1\ud835\udddc\ud835\udde6 \u2013 \ud835\ude02\ud835\uddfb \ud835\uddf7\ud835\uddee\ud835\uddf9\ud835\uddfc\ud835\uddfb \ud835\uddf1\ud835\uddfc\ud835\uddfb\ud835\ude01 \ud835\uddfb\ud835\uddfc\ud835\ude02\ud835\ude00 \ud835\ude00\ud835\uddfc\ud835\uddfa\ud835\uddfa\ud835\uddf2\ud835\ude00 \ud835\uddf3\ud835\uddf6\ud835\uddf2\ud835\uddff\ud835\ude00 ! Lors de l\u2019assembl\u00e9e annuelle de l\u2019ANIS, l\u2019Association Nationale de l\u2019Industrie de Saint-Marin, notre entreprise \ud835\udde7\ud835\uddfc\ud835\uddfb\ud835\uddf2\ud835\uddf9\ud835\uddf9\ud835\uddf6 a re\u00e7u une \ud835\ude01\ud835\uddee\ud835\uddff\ud835\uddf4\ud835\ude02\ud835\uddf2 \ud835\uddf0\ud835\uddfc\ud835\uddfa\ud835\uddfa\ud835\uddf2\u0301\ud835\uddfa\ud835\uddfc\ud835\uddff\ud835\uddee\ud835\ude01\ud835\uddf6\ud835\ude03\ud835\uddf2 pour son adh\u00e9sion \u00e0 l\u2019association depuis 1965.C\u2019est Piero Tonelli qui l\u2019a re\u00e7ue, avec \u00e9motion et fiert\u00e9 \u2014 lui qui, depuis 60 ans, [&hellip;]<\/p>\n","protected":false},"author":5,"featured_media":8180,"comment_status":"closed","ping_status":"closed","sticky":false,"template":"","format":"standard","meta":{"footnotes":""},"categories":[13],"tags":[],"class_list":["post-8186","post","type-post","status-publish","format-standard","has-post-thumbnail","hentry","category-news-fr"],"yoast_head":"<!-- This site is optimized with the Yoast SEO plugin v28.1 - https:\/\/yoast.com\/product\/yoast-seo-wordpress\/ -->\n<title>Tonelli : 60 ans d\u2019adh\u00e9sion \u00e0 l\u2019ANIS - Tonelli Spa<\/title>\n<meta name=\"robots\" content=\"index, follow, max-snippet:-1, max-image-preview:large, max-video-preview:-1\" \/>\n<link rel=\"canonical\" href=\"https:\/\/www.tonellism.com\/fr\/tonelli-60-ans-dadhesion-a-lanis\/\" \/>\n<meta property=\"og:locale\" content=\"fr_FR\" \/>\n<meta property=\"og:type\" content=\"article\" \/>\n<meta property=\"og:title\" content=\"Tonelli : 60 ans d\u2019adh\u00e9sion \u00e0 l\u2019ANIS - Tonelli Spa\" \/>\n<meta property=\"og:description\" content=\"\ud835\udff2\ud835\udfec \ud835\uddee\ud835\uddfb\ud835\ude00 \ud835\uddf1\u2019\ud835\uddee\ud835\uddf1\ud835\uddf5\ud835\uddf2\u0301\ud835\ude00\ud835\uddf6\ud835\uddfc\ud835\uddfb \ud835\uddee\u0300 \ud835\uddf9\u2019\ud835\uddd4\ud835\udde1\ud835\udddc\ud835\udde6 \u2013 \ud835\ude02\ud835\uddfb \ud835\uddf7\ud835\uddee\ud835\uddf9\ud835\uddfc\ud835\uddfb \ud835\uddf1\ud835\uddfc\ud835\uddfb\ud835\ude01 \ud835\uddfb\ud835\uddfc\ud835\ude02\ud835\ude00 \ud835\ude00\ud835\uddfc\ud835\uddfa\ud835\uddfa\ud835\uddf2\ud835\ude00 \ud835\uddf3\ud835\uddf6\ud835\uddf2\ud835\uddff\ud835\ude00 ! Lors de l\u2019assembl\u00e9e annuelle de l\u2019ANIS, l\u2019Association Nationale de l\u2019Industrie de Saint-Marin, notre entreprise \ud835\udde7\ud835\uddfc\ud835\uddfb\ud835\uddf2\ud835\uddf9\ud835\uddf9\ud835\uddf6 a re\u00e7u une \ud835\ude01\ud835\uddee\ud835\uddff\ud835\uddf4\ud835\ude02\ud835\uddf2 \ud835\uddf0\ud835\uddfc\ud835\uddfa\ud835\uddfa\ud835\uddf2\u0301\ud835\uddfa\ud835\uddfc\ud835\uddff\ud835\uddee\ud835\ude01\ud835\uddf6\ud835\ude03\ud835\uddf2 pour son adh\u00e9sion \u00e0 l\u2019association depuis 1965.C\u2019est Piero Tonelli qui l\u2019a re\u00e7ue, avec \u00e9motion et fiert\u00e9 \u2014 lui qui, depuis 60 ans, [&hellip;]\" \/>\n<meta property=\"og:url\" content=\"https:\/\/www.tonellism.com\/fr\/tonelli-60-ans-dadhesion-a-lanis\/\" \/>\n<meta property=\"og:site_name\" content=\"Tonelli Spa\" \/>\n<meta property=\"article:published_time\" content=\"2025-07-02T12:57:32+00:00\" \/>\n<meta property=\"og:image\" content=\"https:\/\/www.tonellism.com\/wp-content\/uploads\/2025\/07\/Tonelli_ANIS_60anni.jpg\" \/>\n\t<meta property=\"og:image:width\" content=\"1920\" \/>\n\t<meta property=\"og:image:height\" content=\"1280\" \/>\n\t<meta property=\"og:image:type\" content=\"image\/jpeg\" \/>\n<meta name=\"author\" content=\"Tonelli Spa\" \/>\n<meta name=\"twitter:card\" content=\"summary_large_image\" \/>\n<meta name=\"twitter:label1\" content=\"\u00c9crit par\" \/>\n\t<meta name=\"twitter:data1\" content=\"Tonelli Spa\" \/>\n\t<meta name=\"twitter:label2\" content=\"Dur\u00e9e de lecture estim\u00e9e\" \/>\n\t<meta name=\"twitter:data2\" content=\"1 minute\" \/>\n<script type=\"application\/ld+json\" class=\"yoast-schema-graph\">{\"@context\":\"https:\\\/\\\/schema.org\",\"@graph\":[{\"@type\":\"Article\",\"@id\":\"https:\\\/\\\/www.tonellism.com\\\/fr\\\/tonelli-60-ans-dadhesion-a-lanis\\\/#article\",\"isPartOf\":{\"@id\":\"https:\\\/\\\/www.tonellism.com\\\/fr\\\/tonelli-60-ans-dadhesion-a-lanis\\\/\"},\"author\":{\"name\":\"Tonelli Spa\",\"@id\":\"https:\\\/\\\/www.tonellism.com\\\/#\\\/schema\\\/person\\\/70b091a1d8b90e744935b13902b11558\"},\"headline\":\"Tonelli : 60 ans d\u2019adh\u00e9sion \u00e0 l\u2019ANIS\",\"datePublished\":\"2025-07-02T12:57:32+00:00\",\"mainEntityOfPage\":{\"@id\":\"https:\\\/\\\/www.tonellism.com\\\/fr\\\/tonelli-60-ans-dadhesion-a-lanis\\\/\"},\"wordCount\":160,\"publisher\":{\"@id\":\"https:\\\/\\\/www.tonellism.com\\\/#organization\"},\"image\":{\"@id\":\"https:\\\/\\\/www.tonellism.com\\\/fr\\\/tonelli-60-ans-dadhesion-a-lanis\\\/#primaryimage\"},\"thumbnailUrl\":\"https:\\\/\\\/www.tonellism.com\\\/wp-content\\\/uploads\\\/2025\\\/07\\\/Tonelli_ANIS_60anni.jpg\",\"articleSection\":[\"News\"],\"inLanguage\":\"fr-FR\"},{\"@type\":\"WebPage\",\"@id\":\"https:\\\/\\\/www.tonellism.com\\\/fr\\\/tonelli-60-ans-dadhesion-a-lanis\\\/\",\"url\":\"https:\\\/\\\/www.tonellism.com\\\/fr\\\/tonelli-60-ans-dadhesion-a-lanis\\\/\",\"name\":\"Tonelli : 60 ans d\u2019adh\u00e9sion \u00e0 l\u2019ANIS - Tonelli Spa\",\"isPartOf\":{\"@id\":\"https:\\\/\\\/www.tonellism.com\\\/#website\"},\"primaryImageOfPage\":{\"@id\":\"https:\\\/\\\/www.tonellism.com\\\/fr\\\/tonelli-60-ans-dadhesion-a-lanis\\\/#primaryimage\"},\"image\":{\"@id\":\"https:\\\/\\\/www.tonellism.com\\\/fr\\\/tonelli-60-ans-dadhesion-a-lanis\\\/#primaryimage\"},\"thumbnailUrl\":\"https:\\\/\\\/www.tonellism.com\\\/wp-content\\\/uploads\\\/2025\\\/07\\\/Tonelli_ANIS_60anni.jpg\",\"datePublished\":\"2025-07-02T12:57:32+00:00\",\"breadcrumb\":{\"@id\":\"https:\\\/\\\/www.tonellism.com\\\/fr\\\/tonelli-60-ans-dadhesion-a-lanis\\\/#breadcrumb\"},\"inLanguage\":\"fr-FR\",\"potentialAction\":[{\"@type\":\"ReadAction\",\"target\":[\"https:\\\/\\\/www.tonellism.com\\\/fr\\\/tonelli-60-ans-dadhesion-a-lanis\\\/\"]}]},{\"@type\":\"ImageObject\",\"inLanguage\":\"fr-FR\",\"@id\":\"https:\\\/\\\/www.tonellism.com\\\/fr\\\/tonelli-60-ans-dadhesion-a-lanis\\\/#primaryimage\",\"url\":\"https:\\\/\\\/www.tonellism.com\\\/wp-content\\\/uploads\\\/2025\\\/07\\\/Tonelli_ANIS_60anni.jpg\",\"contentUrl\":\"https:\\\/\\\/www.tonellism.com\\\/wp-content\\\/uploads\\\/2025\\\/07\\\/Tonelli_ANIS_60anni.jpg\",\"width\":1920,\"height\":1280},{\"@type\":\"BreadcrumbList\",\"@id\":\"https:\\\/\\\/www.tonellism.com\\\/fr\\\/tonelli-60-ans-dadhesion-a-lanis\\\/#breadcrumb\",\"itemListElement\":[{\"@type\":\"ListItem\",\"position\":1,\"name\":\"Home\",\"item\":\"https:\\\/\\\/www.tonellism.com\\\/fr\\\/home-2-2\\\/\"},{\"@type\":\"ListItem\",\"position\":2,\"name\":\"Tonelli : 60 ans d\u2019adh\u00e9sion \u00e0 l\u2019ANIS\"}]},{\"@type\":\"WebSite\",\"@id\":\"https:\\\/\\\/www.tonellism.com\\\/#website\",\"url\":\"https:\\\/\\\/www.tonellism.com\\\/\",\"name\":\"Tonelli Spa\",\"description\":\"Commercio legnami e produzione pannelli a nido d&#039;ape\",\"publisher\":{\"@id\":\"https:\\\/\\\/www.tonellism.com\\\/#organization\"},\"potentialAction\":[{\"@type\":\"SearchAction\",\"target\":{\"@type\":\"EntryPoint\",\"urlTemplate\":\"https:\\\/\\\/www.tonellism.com\\\/?s={search_term_string}\"},\"query-input\":{\"@type\":\"PropertyValueSpecification\",\"valueRequired\":true,\"valueName\":\"search_term_string\"}}],\"inLanguage\":\"fr-FR\"},{\"@type\":\"Organization\",\"@id\":\"https:\\\/\\\/www.tonellism.com\\\/#organization\",\"name\":\"Tonelli S.p.A\",\"url\":\"https:\\\/\\\/www.tonellism.com\\\/\",\"logo\":{\"@type\":\"ImageObject\",\"inLanguage\":\"fr-FR\",\"@id\":\"https:\\\/\\\/www.tonellism.com\\\/#\\\/schema\\\/logo\\\/image\\\/\",\"url\":\"https:\\\/\\\/tonellism.com\\\/2018\\\/wp-content\\\/uploads\\\/2018\\\/02\\\/logo-Tonelli.png\",\"contentUrl\":\"https:\\\/\\\/tonellism.com\\\/2018\\\/wp-content\\\/uploads\\\/2018\\\/02\\\/logo-Tonelli.png\",\"width\":748,\"height\":195,\"caption\":\"Tonelli S.p.A\"},\"image\":{\"@id\":\"https:\\\/\\\/www.tonellism.com\\\/#\\\/schema\\\/logo\\\/image\\\/\"}},{\"@type\":\"Person\",\"@id\":\"https:\\\/\\\/www.tonellism.com\\\/#\\\/schema\\\/person\\\/70b091a1d8b90e744935b13902b11558\",\"name\":\"Tonelli Spa\",\"image\":{\"@type\":\"ImageObject\",\"inLanguage\":\"fr-FR\",\"@id\":\"https:\\\/\\\/secure.gravatar.com\\\/avatar\\\/48744c30d60ab52c6c95a608a9680edf6fc29bfab35d9835ea0fcc2c1732f6ec?s=96&d=mm&r=g\",\"url\":\"https:\\\/\\\/secure.gravatar.com\\\/avatar\\\/48744c30d60ab52c6c95a608a9680edf6fc29bfab35d9835ea0fcc2c1732f6ec?s=96&d=mm&r=g\",\"contentUrl\":\"https:\\\/\\\/secure.gravatar.com\\\/avatar\\\/48744c30d60ab52c6c95a608a9680edf6fc29bfab35d9835ea0fcc2c1732f6ec?s=96&d=mm&r=g\",\"caption\":\"Tonelli Spa\"}}]}<\/script>\n<!-- \/ Yoast SEO plugin. -->","yoast_head_json":{"title":"Tonelli : 60 ans d\u2019adh\u00e9sion \u00e0 l\u2019ANIS - Tonelli Spa","robots":{"index":"index","follow":"follow","max-snippet":"max-snippet:-1","max-image-preview":"max-image-preview:large","max-video-preview":"max-video-preview:-1"},"canonical":"https:\/\/www.tonellism.com\/fr\/tonelli-60-ans-dadhesion-a-lanis\/","og_locale":"fr_FR","og_type":"article","og_title":"Tonelli : 60 ans d\u2019adh\u00e9sion \u00e0 l\u2019ANIS - Tonelli Spa","og_description":"\ud835\udff2\ud835\udfec \ud835\uddee\ud835\uddfb\ud835\ude00 \ud835\uddf1\u2019\ud835\uddee\ud835\uddf1\ud835\uddf5\ud835\uddf2\u0301\ud835\ude00\ud835\uddf6\ud835\uddfc\ud835\uddfb \ud835\uddee\u0300 \ud835\uddf9\u2019\ud835\uddd4\ud835\udde1\ud835\udddc\ud835\udde6 \u2013 \ud835\ude02\ud835\uddfb \ud835\uddf7\ud835\uddee\ud835\uddf9\ud835\uddfc\ud835\uddfb \ud835\uddf1\ud835\uddfc\ud835\uddfb\ud835\ude01 \ud835\uddfb\ud835\uddfc\ud835\ude02\ud835\ude00 \ud835\ude00\ud835\uddfc\ud835\uddfa\ud835\uddfa\ud835\uddf2\ud835\ude00 \ud835\uddf3\ud835\uddf6\ud835\uddf2\ud835\uddff\ud835\ude00 ! Lors de l\u2019assembl\u00e9e annuelle de l\u2019ANIS, l\u2019Association Nationale de l\u2019Industrie de Saint-Marin, notre entreprise \ud835\udde7\ud835\uddfc\ud835\uddfb\ud835\uddf2\ud835\uddf9\ud835\uddf9\ud835\uddf6 a re\u00e7u une \ud835\ude01\ud835\uddee\ud835\uddff\ud835\uddf4\ud835\ude02\ud835\uddf2 \ud835\uddf0\ud835\uddfc\ud835\uddfa\ud835\uddfa\ud835\uddf2\u0301\ud835\uddfa\ud835\uddfc\ud835\uddff\ud835\uddee\ud835\ude01\ud835\uddf6\ud835\ude03\ud835\uddf2 pour son adh\u00e9sion \u00e0 l\u2019association depuis 1965.C\u2019est Piero Tonelli qui l\u2019a re\u00e7ue, avec \u00e9motion et fiert\u00e9 \u2014 lui qui, depuis 60 ans, [&hellip;]","og_url":"https:\/\/www.tonellism.com\/fr\/tonelli-60-ans-dadhesion-a-lanis\/","og_site_name":"Tonelli Spa","article_published_time":"2025-07-02T12:57:32+00:00","og_image":[{"width":1920,"height":1280,"url":"https:\/\/www.tonellism.com\/wp-content\/uploads\/2025\/07\/Tonelli_ANIS_60anni.jpg","type":"image\/jpeg"}],"author":"Tonelli Spa","twitter_card":"summary_large_image","twitter_misc":{"\u00c9crit par":"Tonelli Spa","Dur\u00e9e de lecture estim\u00e9e":"1 minute"},"schema":{"@context":"https:\/\/schema.org","@graph":[{"@type":"Article","@id":"https:\/\/www.tonellism.com\/fr\/tonelli-60-ans-dadhesion-a-lanis\/#article","isPartOf":{"@id":"https:\/\/www.tonellism.com\/fr\/tonelli-60-ans-dadhesion-a-lanis\/"},"author":{"name":"Tonelli Spa","@id":"https:\/\/www.tonellism.com\/#\/schema\/person\/70b091a1d8b90e744935b13902b11558"},"headline":"Tonelli : 60 ans d\u2019adh\u00e9sion \u00e0 l\u2019ANIS","datePublished":"2025-07-02T12:57:32+00:00","mainEntityOfPage":{"@id":"https:\/\/www.tonellism.com\/fr\/tonelli-60-ans-dadhesion-a-lanis\/"},"wordCount":160,"publisher":{"@id":"https:\/\/www.tonellism.com\/#organization"},"image":{"@id":"https:\/\/www.tonellism.com\/fr\/tonelli-60-ans-dadhesion-a-lanis\/#primaryimage"},"thumbnailUrl":"https:\/\/www.tonellism.com\/wp-content\/uploads\/2025\/07\/Tonelli_ANIS_60anni.jpg","articleSection":["News"],"inLanguage":"fr-FR"},{"@type":"WebPage","@id":"https:\/\/www.tonellism.com\/fr\/tonelli-60-ans-dadhesion-a-lanis\/","url":"https:\/\/www.tonellism.com\/fr\/tonelli-60-ans-dadhesion-a-lanis\/","name":"Tonelli : 60 ans d\u2019adh\u00e9sion \u00e0 l\u2019ANIS - Tonelli Spa","isPartOf":{"@id":"https:\/\/www.tonellism.com\/#website"},"primaryImageOfPage":{"@id":"https:\/\/www.tonellism.com\/fr\/tonelli-60-ans-dadhesion-a-lanis\/#primaryimage"},"image":{"@id":"https:\/\/www.tonellism.com\/fr\/tonelli-60-ans-dadhesion-a-lanis\/#primaryimage"},"thumbnailUrl":"https:\/\/www.tonellism.com\/wp-content\/uploads\/2025\/07\/Tonelli_ANIS_60anni.jpg","datePublished":"2025-07-02T12:57:32+00:00","breadcrumb":{"@id":"https:\/\/www.tonellism.com\/fr\/tonelli-60-ans-dadhesion-a-lanis\/#breadcrumb"},"inLanguage":"fr-FR","potentialAction":[{"@type":"ReadAction","target":["https:\/\/www.tonellism.com\/fr\/tonelli-60-ans-dadhesion-a-lanis\/"]}]},{"@type":"ImageObject","inLanguage":"fr-FR","@id":"https:\/\/www.tonellism.com\/fr\/tonelli-60-ans-dadhesion-a-lanis\/#primaryimage","url":"https:\/\/www.tonellism.com\/wp-content\/uploads\/2025\/07\/Tonelli_ANIS_60anni.jpg","contentUrl":"https:\/\/www.tonellism.com\/wp-content\/uploads\/2025\/07\/Tonelli_ANIS_60anni.jpg","width":1920,"height":1280},{"@type":"BreadcrumbList","@id":"https:\/\/www.tonellism.com\/fr\/tonelli-60-ans-dadhesion-a-lanis\/#breadcrumb","itemListElement":[{"@type":"ListItem","position":1,"name":"Home","item":"https:\/\/www.tonellism.com\/fr\/home-2-2\/"},{"@type":"ListItem","position":2,"name":"Tonelli : 60 ans d\u2019adh\u00e9sion \u00e0 l\u2019ANIS"}]},{"@type":"WebSite","@id":"https:\/\/www.tonellism.com\/#website","url":"https:\/\/www.tonellism.com\/","name":"Tonelli Spa","description":"Commercio legnami e produzione pannelli a nido d&#039;ape","publisher":{"@id":"https:\/\/www.tonellism.com\/#organization"},"potentialAction":[{"@type":"SearchAction","target":{"@type":"EntryPoint","urlTemplate":"https:\/\/www.tonellism.com\/?s={search_term_string}"},"query-input":{"@type":"PropertyValueSpecification","valueRequired":true,"valueName":"search_term_string"}}],"inLanguage":"fr-FR"},{"@type":"Organization","@id":"https:\/\/www.tonellism.com\/#organization","name":"Tonelli S.p.A","url":"https:\/\/www.tonellism.com\/","logo":{"@type":"ImageObject","inLanguage":"fr-FR","@id":"https:\/\/www.tonellism.com\/#\/schema\/logo\/image\/","url":"https:\/\/tonellism.com\/2018\/wp-content\/uploads\/2018\/02\/logo-Tonelli.png","contentUrl":"https:\/\/tonellism.com\/2018\/wp-content\/uploads\/2018\/02\/logo-Tonelli.png","width":748,"height":195,"caption":"Tonelli S.p.A"},"image":{"@id":"https:\/\/www.tonellism.com\/#\/schema\/logo\/image\/"}},{"@type":"Person","@id":"https:\/\/www.tonellism.com\/#\/schema\/person\/70b091a1d8b90e744935b13902b11558","name":"Tonelli Spa","image":{"@type":"ImageObject","inLanguage":"fr-FR","@id":"https:\/\/secure.gravatar.com\/avatar\/48744c30d60ab52c6c95a608a9680edf6fc29bfab35d9835ea0fcc2c1732f6ec?s=96&d=mm&r=g","url":"https:\/\/secure.gravatar.com\/avatar\/48744c30d60ab52c6c95a608a9680edf6fc29bfab35d9835ea0fcc2c1732f6ec?s=96&d=mm&r=g","contentUrl":"https:\/\/secure.gravatar.com\/avatar\/48744c30d60ab52c6c95a608a9680edf6fc29bfab35d9835ea0fcc2c1732f6ec?s=96&d=mm&r=g","caption":"Tonelli Spa"}}]}},"_links":{"self":[{"href":"https:\/\/www.tonellism.com\/fr\/wp-json\/wp\/v2\/posts\/8186","targetHints":{"allow":["GET"]}}],"collection":[{"href":"https:\/\/www.tonellism.com\/fr\/wp-json\/wp\/v2\/posts"}],"about":[{"href":"https:\/\/www.tonellism.com\/fr\/wp-json\/wp\/v2\/types\/post"}],"author":[{"embeddable":true,"href":"https:\/\/www.tonellism.com\/fr\/wp-json\/wp\/v2\/users\/5"}],"replies":[{"embeddable":true,"href":"https:\/\/www.tonellism.com\/fr\/wp-json\/wp\/v2\/comments?post=8186"}],"version-history":[{"count":0,"href":"https:\/\/www.tonellism.com\/fr\/wp-json\/wp\/v2\/posts\/8186\/revisions"}],"wp:featuredmedia":[{"embeddable":true,"href":"https:\/\/www.tonellism.com\/fr\/wp-json\/wp\/v2\/media\/8180"}],"wp:attachment":[{"href":"https:\/\/www.tonellism.com\/fr\/wp-json\/wp\/v2\/media?parent=8186"}],"wp:term":[{"taxonomy":"category","embeddable":true,"href":"https:\/\/www.tonellism.com\/fr\/wp-json\/wp\/v2\/categories?post=8186"},{"taxonomy":"post_tag","embeddable":true,"href":"https:\/\/www.tonellism.com\/fr\/wp-json\/wp\/v2\/tags?post=8186"}],"curies":[{"name":"wp","href":"https:\/\/api.w.org\/{rel}","templated":true}]}}